{"id":966,"date":"2026-08-31T21:25:39","date_gmt":"2026-08-31T21:25:39","guid":{"rendered":"https:\/\/frivilligvaerket.dk\/?p=966"},"modified":"2026-08-31T21:35:44","modified_gmt":"2026-08-31T21:35:44","slug":"foedekaeden-rethinker-randers-og-frivilligvaerket-flytter-sammen-i-undervaerket","status":"publish","type":"post","link":"https:\/\/frivilligvaerket.dk\/index.php\/2026\/08\/31\/foedekaeden-rethinker-randers-og-frivilligvaerket-flytter-sammen-i-undervaerket\/","title":{"rendered":"F\u00f8dek\u00e6den, ReThinker Randers og Frivilligv\u00e6rket flytter sammen i Underv\u00e6rket"},"content":{"rendered":"\n<h3 class=\"wp-block-heading\"><strong>Ambitionen er at skabe et st\u00e6rkt og synligt samlingspunkt for frivillighed og f\u00e6llesskaber i Randers Kommune \u2013 og g\u00f8re det lettere for b\u00e5de borgere, foreninger og andre akt\u00f8rer at finde vej ind i den frivillige verden.<\/strong><\/h3>\n\n\n\n<p class=\"wp-block-paragraph\">Randers har et st\u00e6rkt og mangfoldigt civilsamfund med mange organisationer, foreninger og frivillige, der hver dag skaber f\u00e6llesskaber, aktiviteter og muligheder for andre. Nu tager tre af byens akt\u00f8rer p\u00e5 frivilligomr\u00e5det et nyt skridt for at bringe nogle af de mange kr\u00e6fter t\u00e6ttere sammen.<\/p>\n\n\n\n<p class=\"wp-block-paragraph\">Fra 1. september 2026 begynder Frivilligv\u00e6rket Randers, ReThinker Randers og F\u00f8dek\u00e6den en f\u00e6lles indflytning i Underv\u00e6rket i Stemannsgade.<\/p>\n\n\n\n<p class=\"wp-block-paragraph\">M\u00e5let er ikke at skabe \u00e9n ny organisation, men at samle forskellige kompetencer, netv\u00e6rk og indgange til frivilligheden p\u00e5 samme sted.<\/p>\n\n\n\n<h3 class=\"wp-block-heading\"><strong>\u00c9n d\u00f8r ind til flere former for frivillighed<\/strong><\/h3>\n\n\n\n<p class=\"wp-block-paragraph\">De tre organisationer arbejder p\u00e5 forskellige m\u00e5der med frivillighed, civilsamfund og f\u00e6llesskaber. Netop forskelligheden er en styrke.<\/p>\n\n\n\n<p class=\"wp-block-paragraph\">Med samlingen i Underv\u00e6rket bliver det lettere for en borger, der gerne vil engagere sig frivilligt, at f\u00e5 \u00f8je p\u00e5 de mange forskellige muligheder i Randers Kommune \u2013 uanset om interessen er sociale f\u00e6llesskaber, events, kultur, oplevelser, madspild eller andre former for engagement.<\/p>\n\n\n\n<p class=\"wp-block-paragraph\">Samtidig skal stedet v\u00e6re en tydelig indgang for foreninger, kulturinstitutioner, arrang\u00f8rer og andre akt\u00f8rer, som har brug for sparring om eksempelvis rekruttering, organisering og udvikling af frivillighed.<\/p>\n\n\n\n<p class=\"wp-block-paragraph\"><em>\u201dDer findes allerede utrolig mange gode kr\u00e6fter i Randers. Ambitionen er ikke at opfinde noget nyt for opfindelsens skyld, men at g\u00f8re det lettere at finde hinanden. N\u00e5r vi sidder t\u00e6ttere sammen, kan vi i h\u00f8jere grad bygge bro mellem borgere, frivillige, foreninger, organisationer, virksomheder og kommune \u2013 og hj\u00e6lpe mennesker videre til det f\u00e6llesskab eller den mulighed, der passer til dem.\u201d<\/em><br>&#8211; Jakob T\u00f8trup Kj\u00e6rsgaard, Daglig leder ReThinker Randers<\/p>\n\n\n\n<p class=\"wp-block-paragraph\">Valget af Underv\u00e6rket er ikke tilf\u00e6ldigt. Kulturhuset rummer allerede en lang r\u00e6kke forskellige akt\u00f8rer og aktiviteter og er skabt omkring kultur, kreativitet, m\u00f8der mellem mennesker og f\u00e6llesskab. Huset r\u00e5der samtidig over b\u00e5de m\u00f8de- og aktivitetslokaler og giver derfor mulighed for, at langt flere kan blive en del af aktiviteterne.<\/p>\n\n\n\n<p class=\"wp-block-paragraph\">Ambitionen r\u00e6kker derfor videre end blot at dele adresse.<\/p>\n\n\n\n<p class=\"wp-block-paragraph\"><em>\u201dFor os h\u00e6nger f\u00e6llesskab og b\u00e6redygtighed t\u00e6t sammen. N\u00e5r vi \u00bbHj\u00e6lper overskuddet p\u00e5 vej\u00ab ved at omfordele overskudsmad til de mennesker der mangler maden mest, s\u00e5 skaber vi samtidig meningsfulde f\u00e6llesskaber omkring en konkret sag. Med sammenflytningen f\u00e5r vi endnu bedre muligheder for at t\u00e6nke frivillighed, socialt ansvar og b\u00e6redygtighed sammen.\u201d<br><\/em>&#8211; Steffen Sand, Omstillingspirat og social entrepren\u00f8r i F\u00f8dek\u00e6den<\/p>\n\n\n\n<p class=\"wp-block-paragraph\">P\u00e5 l\u00e6ngere sigt er \u00f8nsket, at Underv\u00e6rket kan udvikle sig til et \u00e5bent samlingspunkt for frivillighed og f\u00e6llesskaber i Randers, hvor ogs\u00e5 andre organisationer, foreninger, netv\u00e6rk og akt\u00f8rer kan m\u00f8des, samarbejde, dele viden og udvikle nye initiativer.<\/p>\n\n\n\n<p class=\"wp-block-paragraph\"><em>\u201dVi tror p\u00e5, at der opst\u00e5r nye muligheder, n\u00e5r mennesker og organisationer m\u00f8des p\u00e5 tv\u00e6rs. Nogle gange mangler en forening frivillige, et andet sted sidder en borger og leder efter et f\u00e6llesskab, og et tredje sted har nogen en god id\u00e9, men mangler sparring eller samarbejdspartnere. Hvis vi kan g\u00f8re afstanden mellem de mennesker kortere, har vi allerede opn\u00e5et noget vigtigt.\u201d<br><\/em>&#8211; Mette S\u00f8rensen, Leder af Frivilligv\u00e6rket<\/p>\n\n\n\n<h3 class=\"wp-block-heading\">Fakta<\/h3>\n\n\n\n<h4 class=\"wp-block-heading\">ReThinker Randers<\/h4>\n\n\n\n<p class=\"wp-block-paragraph\">ReThinker Randers er en del af VisitAarhus&#8217; frivilligorganisation og forbinder frivillige med blandt andet events, kulturinstitutioner, turistattraktioner og andre lokale akt\u00f8rer. De frivillige v\u00e6lger selv, hvilke opgaver de \u00f8nsker at engagere sig i, og ReThinker arbejder med fleksibel frivillighed, f\u00e6llesskab og v\u00e6rtskab. ReThinker Randers har allerede haft m\u00f8dested i Underv\u00e6rket. <br><a href=\"https:\/\/www.visitaarhus.dk\/frivillig\/rethinker-randers\" target=\"_blank\" rel=\"noopener\">Bes\u00f8g ReThinker Randers&#8217; hjemmeside<\/a><\/p>\n\n\n\n<h4 class=\"wp-block-heading\">F\u00f8dek\u00e6den<\/h4>\n\n\n\n<p class=\"wp-block-paragraph\">F\u00f8dek\u00e6den er en frivilligdrevet forening, der \u00bbhj\u00e6lper overskuddet p\u00e5 vej\u00ab Blandt andet ved at indsamle overskudsvarer fra supermarkeder og videreformidle dem til borgere, der st\u00e5r i en skr\u00f8belig \u00f8konomisk situation. Samtidig skaber F\u00f8dek\u00e6den et inkluderende frivilligt f\u00e6llesskab, hvor blandt andet mennesker, der st\u00e5r uden for arbejdsmarkedet, f\u00e5r mulighed for at skabe og udfylde sin egen vigtige rolle og derigennem opleve, at de har v\u00e6rdi og er vigtige for f\u00e6llesskabet og helheden. <br><a href=\"https:\/\/www.facebook.com\/Foedekaeden.dk\" data-type=\"link\" data-id=\"https:\/\/www.facebook.com\/Foedekaeden.dk\" target=\"_blank\" rel=\"noopener\">Find F\u00f8dek\u00e6den p\u00e5 Facebook<\/a><\/p>\n\n\n\n<h4 class=\"wp-block-heading\">Frivilligv\u00e6rket Randers<\/h4>\n\n\n\n<p class=\"wp-block-paragraph\">Frivilligv\u00e6rket er det lokale frivilligcenter i Randers Kommune. Frivilligv\u00e6rket st\u00f8tter, udvikler og synligg\u00f8r frivilligt engagement og tilbyder blandt andet r\u00e5dgivning og sparring til foreninger om frivillighed, bestyrelsesarbejde, fundraising, rekruttering, kommunikation og projektudvikling. Samtidig hj\u00e6lper Frivilligv\u00e6rket borgere med at finde relevante frivillige f\u00e6llesskaber og tilbud.<\/p>\n\n\n\n<h4 class=\"wp-block-heading\">Underv\u00e6rket<\/h4>\n\n\n\n<p class=\"wp-block-paragraph\">Underv\u00e6rket er et kulturhus med en lang r\u00e6kke foreninger, organisationer, kreative akt\u00f8rer, aktiviteter og m\u00f8defaciliteter.<br><a href=\"https:\/\/undervaerket.dk\/\" data-type=\"link\" data-id=\"https:\/\/undervaerket.dk\/\" target=\"_blank\" rel=\"noopener\">Bes\u00f8g Underv\u00e6rkets hjemmeside<\/a><\/p>\n","protected":false},"excerpt":{"rendered":"<p>L\u00e6s nyhed<\/p>\n","protected":false},"author":3,"featured_media":967,"comment_status":"closed","ping_status":"","sticky":false,"template":"","format":"standard","meta":{"footnotes":""},"categories":[1],"tags":[4],"class_list":["post-966","post","type-post","status-publish","format-standard","has-post-thumbnail","hentry","category-nyheder","tag-forside"],"_links":{"self":[{"href":"https:\/\/frivilligvaerket.dk\/index.php\/wp-json\/wp\/v2\/posts\/966","targetHints":{"allow":["GET"]}}],"collection":[{"href":"https:\/\/frivilligvaerket.dk\/index.php\/wp-json\/wp\/v2\/posts"}],"about":[{"href":"https:\/\/frivilligvaerket.dk\/index.php\/wp-json\/wp\/v2\/types\/post"}],"author":[{"embeddable":true,"href":"https:\/\/frivilligvaerket.dk\/index.php\/wp-json\/wp\/v2\/users\/3"}],"replies":[{"embeddable":true,"href":"https:\/\/frivilligvaerket.dk\/index.php\/wp-json\/wp\/v2\/comments?post=966"}],"version-history":[{"count":9,"href":"https:\/\/frivilligvaerket.dk\/index.php\/wp-json\/wp\/v2\/posts\/966\/revisions"}],"predecessor-version":[{"id":977,"href":"https:\/\/frivilligvaerket.dk\/index.php\/wp-json\/wp\/v2\/posts\/966\/revisions\/977"}],"wp:featuredmedia":[{"embeddable":true,"href":"https:\/\/frivilligvaerket.dk\/index.php\/wp-json\/wp\/v2\/media\/967"}],"wp:attachment":[{"href":"https:\/\/frivilligvaerket.dk\/index.php\/wp-json\/wp\/v2\/media?parent=966"}],"wp:term":[{"taxonomy":"category","embeddable":true,"href":"https:\/\/frivilligvaerket.dk\/index.php\/wp-json\/wp\/v2\/categories?post=966"},{"taxonomy":"post_tag","embeddable":true,"href":"https:\/\/frivilligvaerket.dk\/index.php\/wp-json\/wp\/v2\/tags?post=966"}],"curies":[{"name":"wp","href":"https:\/\/api.w.org\/{rel}","templated":true}]}}